{"id":9982,"date":"2021-01-12T13:34:39","date_gmt":"2021-01-12T19:34:39","guid":{"rendered":"https:\/\/encuentroinformativo.com.mx\/?p=9982"},"modified":"2021-01-12T13:34:41","modified_gmt":"2021-01-12T19:34:41","slug":"restaurantes-en-centro-historico-de-veracruz-puerto-no-cerraran","status":"publish","type":"post","link":"https:\/\/encuentroinformativo.com.mx\/?p=9982","title":{"rendered":"Restaurantes en Centro Hist\u00f3rico de Veracruz puerto no cerrar\u00e1n"},"content":{"rendered":"\n<p><strong>Alejandro \u00c1vila<\/strong><\/p>\n\n\n\n<p>Veracruz, Ver.- Los restaurantes del Centro Hist\u00f3rico de Veracruz puerto no van a cerrar este fin de semana, aunque tras las medidas implementadas por el Gobierno del Estado en 12 municipios, el programa &#8220;Independencia Peatonal&#8221; queda temporalmente suspendido del 14 al 17 de enero.<\/p>\n\n\n\n<p>Jos\u00e9 Salvatori Arjona, director de Turismo, aclar\u00f3 que los comercios como bares y restaurantes del z\u00f3calo de la ciudad y alrededores, deber\u00e1n operar al 50 por ciento y cumplir con las medidas sanitarias, pues a ese acuerdo se lleg\u00f3 con la CANIRAC para evitar un cierre que afecte su econom\u00eda.&nbsp;<\/p>\n\n\n\n<p>De la misma manera, expuso que el cierre de la avenida Independencia, de Mario Molina a Miguel Lerdo queda suspendido este fin de semana, as\u00ed como las actividades artisticas y culturales en todo el primer cuadro de la ciudad.<\/p>\n\n\n\n<p>\u201cEllos van a seguir operando, los restaurantes de manera normal, con el 50 por ciento de su afluencia y nosotros lo que estar\u00edamos haciendo, estar\u00edamos posponiendo lo que es esta semana todo lo que son actividades culturales, todo lo que son las actividades art\u00edsticas\u201d, aclar\u00f3 Salvatori Arjona.<\/p>\n\n\n\n<p>Finalmente el director de Turismo dijo que la pr\u00f3xima semana sostendr\u00e1 una reuni\u00f3n con el Comit\u00e9 de Carnaval para organizar las actividades virtuales que se tendr\u00e1n en las fechas<\/p>\n","protected":false},"excerpt":{"rendered":"<p>Alejandro \u00c1vila Veracruz, Ver.- Los restaurantes del Centro Hist\u00f3rico de Veracruz puerto no van a cerrar este fin de semana, aunque tras las medidas implementadas por el Gobierno del Estado en 12 municipios, el programa &#8220;Independencia Peatonal&#8221; queda temporalmente suspendido del 14 al 17 de enero. Jos\u00e9 Salvatori Arjona, director de Turismo, aclar\u00f3 que los [&hellip;]<\/p>\n","protected":false},"author":1,"featured_media":9983,"comment_status":"open","ping_status":"open","sticky":false,"template":"","format":"standard","meta":{"_jetpack_memberships_contains_paid_content":false,"footnotes":""},"categories":[2],"tags":[],"class_list":["post-9982","post","type-post","status-publish","format-standard","has-post-thumbnail","hentry","category-estado"],"jetpack_featured_media_url":"https:\/\/encuentroinformativo.com.mx\/wp-content\/uploads\/2021\/01\/AEE30D9D-B75B-4307-820A-9AF2F787C6B0.jpeg","jetpack_sharing_enabled":true,"jetpack_likes_enabled":true,"amp_enabled":true,"_links":{"self":[{"href":"https:\/\/encuentroinformativo.com.mx\/index.php?rest_route=\/wp\/v2\/posts\/9982","targetHints":{"allow":["GET"]}}],"collection":[{"href":"https:\/\/encuentroinformativo.com.mx\/index.php?rest_route=\/wp\/v2\/posts"}],"about":[{"href":"https:\/\/encuentroinformativo.com.mx\/index.php?rest_route=\/wp\/v2\/types\/post"}],"author":[{"embeddable":true,"href":"https:\/\/encuentroinformativo.com.mx\/index.php?rest_route=\/wp\/v2\/users\/1"}],"replies":[{"embeddable":true,"href":"https:\/\/encuentroinformativo.com.mx\/index.php?rest_route=%2Fwp%2Fv2%2Fcomments&post=9982"}],"version-history":[{"count":1,"href":"https:\/\/encuentroinformativo.com.mx\/index.php?rest_route=\/wp\/v2\/posts\/9982\/revisions"}],"predecessor-version":[{"id":9984,"href":"https:\/\/encuentroinformativo.com.mx\/index.php?rest_route=\/wp\/v2\/posts\/9982\/revisions\/9984"}],"wp:featuredmedia":[{"embeddable":true,"href":"https:\/\/encuentroinformativo.com.mx\/index.php?rest_route=\/wp\/v2\/media\/9983"}],"wp:attachment":[{"href":"https:\/\/encuentroinformativo.com.mx\/index.php?rest_route=%2Fwp%2Fv2%2Fmedia&parent=9982"}],"wp:term":[{"taxonomy":"category","embeddable":true,"href":"https:\/\/encuentroinformativo.com.mx\/index.php?rest_route=%2Fwp%2Fv2%2Fcategories&post=9982"},{"taxonomy":"post_tag","embeddable":true,"href":"https:\/\/encuentroinformativo.com.mx\/index.php?rest_route=%2Fwp%2Fv2%2Ftags&post=9982"}],"curies":[{"name":"wp","href":"https:\/\/api.w.org\/{rel}","templated":true}]}}