{"id":9989,"date":"2021-01-12T15:28:06","date_gmt":"2021-01-12T21:28:06","guid":{"rendered":"https:\/\/encuentroinformativo.com.mx\/?p=9989"},"modified":"2021-01-12T15:28:09","modified_gmt":"2021-01-12T21:28:09","slug":"catastrofico-retornar-a-semaforo-rojo-empresarios","status":"publish","type":"post","link":"https:\/\/encuentroinformativo.com.mx\/?p=9989","title":{"rendered":"Catastr\u00f3fico retornar a sem\u00e1foro rojo: Empresarios"},"content":{"rendered":"\n<p><strong>Dar\u00edo Pale <\/strong><\/p>\n\n\n\n<p>Xalapa, Ver.- Carlos Salvador Abreu Dom\u00ednguez\u00a0coordinador general del Semillero Empresarial para el Desarrollo de M\u00e9xico A. C.,\u00a0declar\u00f3 que &#8220;el horno no est\u00e1 para bollos&#8221; en referencia al posible retorno a sem\u00e1foro rojo en Xalapa y con ello el cierre de algunos negocios.<\/p>\n\n\n\n<p>Entrevistado en conocido caf\u00e9 del centro de Xalapa se\u00f1al\u00f3 que,\u00a0&#8220;el horno no est\u00e1 para bollos. Est\u00e1 muy complicado, yo creo que no es la alternativa llegar a sem\u00e1foro rojo y por eso hay que apretar en las medidas de lo que no se quiere llegar&#8221;.<\/p>\n\n\n\n<p>Dio a conocer que ser\u00e1 &#8220;catastr\u00f3fico&#8221; si se regresa a las medidas de cierre de comercios en la capital, con el cambio a sem\u00e1foro rojo, ya que muchos no podr\u00e1n resistir otra temporada m\u00e1s as\u00ed e incluso podr\u00eda representar el cierre permanente de estos.<\/p>\n\n\n\n<p>Por otro lado, tomo como buena la medida del Gobernador Cuitl\u00e1huac Garc\u00eda Jim\u00e9nez sobre el cierre de vialidades en la zona centro y con ello la reducci\u00f3n de la movilidad, ya que dijo se debe evitar que aumenten los casos de contagio por COVID-19.<\/p>\n\n\n\n<p>Sin embargo, critic\u00f3 que no haya acciones concretas por parte de los Ayuntamientos y los cabildos de la zona metropolitana para sumar esfuerzos y que se reduzca la movilidad tambi\u00e9n los municipios aleda\u00f1os.<\/p>\n\n\n\n<p>Finalmente dio a conocer que esto genera que en las periferias contin\u00faen las fiestas, reuniones o eventos donde se congregan muchas personas y con ellas el riesgo de contagiarse con el virus SARS-CoV2.<\/p>\n","protected":false},"excerpt":{"rendered":"<p>Dar\u00edo Pale Xalapa, Ver.- Carlos Salvador Abreu Dom\u00ednguez\u00a0coordinador general del Semillero Empresarial para el Desarrollo de M\u00e9xico A. C.,\u00a0declar\u00f3 que &#8220;el horno no est\u00e1 para bollos&#8221; en referencia al posible retorno a sem\u00e1foro rojo en Xalapa y con ello el cierre de algunos negocios. Entrevistado en conocido caf\u00e9 del centro de Xalapa se\u00f1al\u00f3 que,\u00a0&#8220;el horno [&hellip;]<\/p>\n","protected":false},"author":1,"featured_media":9990,"comment_status":"open","ping_status":"open","sticky":false,"template":"","format":"standard","meta":{"_jetpack_memberships_contains_paid_content":false,"footnotes":""},"categories":[3],"tags":[],"class_list":["post-9989","post","type-post","status-publish","format-standard","has-post-thumbnail","hentry","category-xalapa"],"jetpack_featured_media_url":"https:\/\/encuentroinformativo.com.mx\/wp-content\/uploads\/2021\/01\/741087D3-126F-473B-A05C-A60805487761.jpeg","jetpack_sharing_enabled":true,"jetpack_likes_enabled":true,"amp_enabled":true,"_links":{"self":[{"href":"https:\/\/encuentroinformativo.com.mx\/index.php?rest_route=\/wp\/v2\/posts\/9989","targetHints":{"allow":["GET"]}}],"collection":[{"href":"https:\/\/encuentroinformativo.com.mx\/index.php?rest_route=\/wp\/v2\/posts"}],"about":[{"href":"https:\/\/encuentroinformativo.com.mx\/index.php?rest_route=\/wp\/v2\/types\/post"}],"author":[{"embeddable":true,"href":"https:\/\/encuentroinformativo.com.mx\/index.php?rest_route=\/wp\/v2\/users\/1"}],"replies":[{"embeddable":true,"href":"https:\/\/encuentroinformativo.com.mx\/index.php?rest_route=%2Fwp%2Fv2%2Fcomments&post=9989"}],"version-history":[{"count":1,"href":"https:\/\/encuentroinformativo.com.mx\/index.php?rest_route=\/wp\/v2\/posts\/9989\/revisions"}],"predecessor-version":[{"id":9991,"href":"https:\/\/encuentroinformativo.com.mx\/index.php?rest_route=\/wp\/v2\/posts\/9989\/revisions\/9991"}],"wp:featuredmedia":[{"embeddable":true,"href":"https:\/\/encuentroinformativo.com.mx\/index.php?rest_route=\/wp\/v2\/media\/9990"}],"wp:attachment":[{"href":"https:\/\/encuentroinformativo.com.mx\/index.php?rest_route=%2Fwp%2Fv2%2Fmedia&parent=9989"}],"wp:term":[{"taxonomy":"category","embeddable":true,"href":"https:\/\/encuentroinformativo.com.mx\/index.php?rest_route=%2Fwp%2Fv2%2Fcategories&post=9989"},{"taxonomy":"post_tag","embeddable":true,"href":"https:\/\/encuentroinformativo.com.mx\/index.php?rest_route=%2Fwp%2Fv2%2Ftags&post=9989"}],"curies":[{"name":"wp","href":"https:\/\/api.w.org\/{rel}","templated":true}]}}