{"id":999,"date":"2020-03-17T09:34:21","date_gmt":"2020-03-17T15:34:21","guid":{"rendered":"https:\/\/encuentroinformativo.com\/?p=999"},"modified":"2020-03-17T09:34:23","modified_gmt":"2020-03-17T15:34:23","slug":"hablar-como-lopez","status":"publish","type":"post","link":"https:\/\/encuentroinformativo.com.mx\/?p=999","title":{"rendered":"Hablar como L\u00f3pez"},"content":{"rendered":"\n<p><strong>Los Pol\u00edticos\u00a0<\/strong><\/p>\n\n\n\n<p><strong>Salvador Mu\u00f1oz<\/strong><br><\/p>\n\n\n\n<p>Tres personas a destacar este lunes de pandemia: Cuitl\u00e1huac Garc\u00eda Jim\u00e9nez, Zenyazen Escobar P\u00e9rez as\u00ed como el doctor Hugo L\u00f3pez Gatell.<\/p>\n\n\n\n<p>Este lunes, antes del inicio de la conferencia de prensa que ofreci\u00f3 el Gobierno de Veracruz, Cuitl\u00e1huac Garc\u00eda Jim\u00e9nez orden\u00f3 (de hacer orden, no de dar \u00f3rdenes) a reporteros y camar\u00f3grafos, en aras de mantener una sana distancia entre ellos, un metro de sana y saludable distancia, \u201cno nos arrejuntemos m\u00e1s\u201d, dir\u00eda; una vez que medio se acomodaron los comunicadores, inici\u00f3 su conferencia.<\/p>\n\n\n\n<p>Por cierto, antes de entrar a la sala, se aplic\u00f3 gel antibacterial a los reporteros\u2026 por si las coronavirus&#8230;<\/p>\n\n\n\n<p>El domingo, la discusi\u00f3n familiar era el porqu\u00e9 anunciar la suspensi\u00f3n de clases este 20 de marzo, y por qu\u00e9 arriesgarse a mandar a los escuincles a partir de este martes\u2026 al menos en la secretar\u00eda de Educaci\u00f3n priv\u00f3 la cordura, la congruencia y ayer, el titular del ramo, o en este caso de la rama o liana, Tarzan Boy, anunci\u00f3 que desde este martes, ya no habr\u00eda clases\u2026 para la zona conurbada de Veracruz, Boca del R\u00edo, Medell\u00edn y Alvarado.<\/p>\n\n\n\n<p>Si bien el Gobernador cit\u00f3 que las medidas de prevenci\u00f3n se iban a regionalizar, uno le daba vueltas a las razones de porqu\u00e9 empezar por esta zona y se pensaba en que quiz\u00e1s era por el movimiento en aeropuerto y puerto mar\u00edtimo\u2026 aunque tambi\u00e9n no se puede echar en saco roto la informaci\u00f3n que dio a conocer el presidente de la Asociaci\u00f3n de Agentes Aduanales de Veracruz y due\u00f1o de Gomsa, Ram\u00f3n G\u00f3mez Barqu\u00edn, que su hija hab\u00eda dado positivo en la prueba del Covid-19\u2026 la familia est\u00e1 en aislamiento.<\/p>\n\n\n\n<p>Como sea, a destacar que el gobierno de Veracruz ya est\u00e1 tomando las medidas necesarias que implica tener una pandemia en distintos puntos del orbe.<\/p>\n\n\n\n<p>Es curioso, pero mientras la entidad aplica medidas de prevenci\u00f3n, a nivel federal, quien se pensaba era la congruencia en materia de salud en este momento, sali\u00f3 con una maroma digna de un peje-chairo: \u201cLa fuerza del presidente es moral, no es una fuerza de contagio\u2026\u201d<\/p>\n\n\n\n<p>Hugo L\u00f3pez Gatell asegura a reportera que el presidente como ella tiene la misma probabilidad de contagiar porque igual anda en giras, con la gente, de un lado para otro\u2026 salvo por un ligero detalle: no creemos que la reportera ande repartiendo besos y saludos de mano a diestra y siniestra como lo hace L\u00f3pez Obrador.<\/p>\n\n\n\n<p>Ahora, d\u00e9mosle el beneficio de la duda a L\u00f3pez Gatell y asimismo, la raz\u00f3n al considerar al presidente como una entidad de fuerza moral\u2026 para ello, hay que anteponerlo con otro l\u00edder moral: Bergoglio. En el Vaticano se tom\u00f3 una serie de medidas para frenar la propagaci\u00f3n del Coronavirus, como es la cancelaci\u00f3n de las audiencias p\u00fablicas del Papa y la transmisi\u00f3n por streaming de sus discursos para evitar aglomeraciones en la Plaza San Pedro. Si la palabra convence, el ejemplo arrastra.<\/p>\n\n\n\n<p>En lo particular, celebro las decisiones tomadas este lunes por el gobierno estatal en materia de educaci\u00f3n y dem\u00e1s, empezando desde que se les da sana y saludable distancia a los medios, previo su probadita de gel\u2026 en lo particular, me dio pena ajena o\u00edr a quien hace unos d\u00edas, un amigo ponderaba como eminencia en Epidemiolog\u00eda\u2026 o\u00edrlo ajeno a la ciencia y hablando m\u00e1s como un L\u00f3pez que como un Subsecretario de Prevenci\u00f3n y Promoci\u00f3n de la Salud\u2026 \u00a1Bien por Veracruz! \u00a1Mal por ese L\u00f3pez!<br><\/p>\n\n\n\n<p><a href=\"mailto:smcainito@gmail.com\" target=\"_blank\" rel=\"noreferrer noopener\">smcainito@gmail.com<\/a><\/p>\n","protected":false},"excerpt":{"rendered":"<p>Los Pol\u00edticos\u00a0 Salvador Mu\u00f1oz Tres personas a destacar este lunes de pandemia: Cuitl\u00e1huac Garc\u00eda Jim\u00e9nez, Zenyazen Escobar P\u00e9rez as\u00ed como el doctor Hugo L\u00f3pez Gatell. Este lunes, antes del inicio de la conferencia de prensa que ofreci\u00f3 el Gobierno de Veracruz, Cuitl\u00e1huac Garc\u00eda Jim\u00e9nez orden\u00f3 (de hacer orden, no de dar \u00f3rdenes) a reporteros y [&hellip;]<\/p>\n","protected":false},"author":1,"featured_media":387,"comment_status":"open","ping_status":"open","sticky":false,"template":"","format":"standard","meta":{"_jetpack_memberships_contains_paid_content":false,"footnotes":""},"categories":[11],"tags":[],"class_list":["post-999","post","type-post","status-publish","format-standard","has-post-thumbnail","hentry","category-opinion"],"jetpack_featured_media_url":"https:\/\/encuentroinformativo.com.mx\/wp-content\/uploads\/2020\/03\/7CF8A22B-2764-47BE-8F7F-38FE9E5D6A2F.jpeg","jetpack_sharing_enabled":true,"jetpack_likes_enabled":true,"amp_enabled":true,"_links":{"self":[{"href":"https:\/\/encuentroinformativo.com.mx\/index.php?rest_route=\/wp\/v2\/posts\/999","targetHints":{"allow":["GET"]}}],"collection":[{"href":"https:\/\/encuentroinformativo.com.mx\/index.php?rest_route=\/wp\/v2\/posts"}],"about":[{"href":"https:\/\/encuentroinformativo.com.mx\/index.php?rest_route=\/wp\/v2\/types\/post"}],"author":[{"embeddable":true,"href":"https:\/\/encuentroinformativo.com.mx\/index.php?rest_route=\/wp\/v2\/users\/1"}],"replies":[{"embeddable":true,"href":"https:\/\/encuentroinformativo.com.mx\/index.php?rest_route=%2Fwp%2Fv2%2Fcomments&post=999"}],"version-history":[{"count":1,"href":"https:\/\/encuentroinformativo.com.mx\/index.php?rest_route=\/wp\/v2\/posts\/999\/revisions"}],"predecessor-version":[{"id":1000,"href":"https:\/\/encuentroinformativo.com.mx\/index.php?rest_route=\/wp\/v2\/posts\/999\/revisions\/1000"}],"wp:featuredmedia":[{"embeddable":true,"href":"https:\/\/encuentroinformativo.com.mx\/index.php?rest_route=\/wp\/v2\/media\/387"}],"wp:attachment":[{"href":"https:\/\/encuentroinformativo.com.mx\/index.php?rest_route=%2Fwp%2Fv2%2Fmedia&parent=999"}],"wp:term":[{"taxonomy":"category","embeddable":true,"href":"https:\/\/encuentroinformativo.com.mx\/index.php?rest_route=%2Fwp%2Fv2%2Fcategories&post=999"},{"taxonomy":"post_tag","embeddable":true,"href":"https:\/\/encuentroinformativo.com.mx\/index.php?rest_route=%2Fwp%2Fv2%2Ftags&post=999"}],"curies":[{"name":"wp","href":"https:\/\/api.w.org\/{rel}","templated":true}]}}