{"id":9992,"date":"2021-01-12T15:32:28","date_gmt":"2021-01-12T21:32:28","guid":{"rendered":"https:\/\/encuentroinformativo.com.mx\/?p=9992"},"modified":"2021-01-12T15:32:31","modified_gmt":"2021-01-12T21:32:31","slug":"estadio-beto-avila-pertenece-a-gobierno-del-estado-afirma-gobernador","status":"publish","type":"post","link":"https:\/\/encuentroinformativo.com.mx\/?p=9992","title":{"rendered":"Estadio &#8220;Beto \u00c1vila&#8221; pertenece a Gobierno del Estado, afirma gobernador"},"content":{"rendered":"\n<p><strong>Alejandro \u00c1vila<\/strong><\/p>\n\n\n\n<p>Boca del R\u00edo, Ver.- El gobernador del Estado, Cuitl\u00e1huac Garc\u00eda Jim\u00e9nez, supervis\u00f3 este martes 12 de enero los avances que lleva la remodelaci\u00f3n del estadio de beisbol &#8220;Beto \u00c1vila&#8221;, ubicado en el fraccionamiento Virginia del municipio de Boca del R\u00edo.<\/p>\n\n\n\n<p>Cerca del medio d\u00eda, el mandatario estatal, quien dio entrevista exclusiva del tema a las afueras del recinto, pues dijo que por cuestiones de contrato con la constructora a cargo de los trabajos, no se pod\u00edan tomar imagenes de lo realizado hasta el momento, aclar\u00f3 que el recinto beisbolero no pertenece a la Universidad Veracruzana, sino al Gobierno del Estado; es decir, a los veracruzanos.<\/p>\n\n\n\n<p>&#8220;El compromiso con los empresarios interesados, fue de que por el deterioro que tuvo de tantos meses, a\u00f1os, sin uso, pues cambiar lo que sea suficiente, para dar el m\u00ednimo, y califiquen dentro de las normas que tienen en la liga de beisbol (\u2026) no, es nuestro, es del Gobierno del Estado, yo dir\u00eda esto, es del pueblo de Veracruz, entonces es responsabilidad del gobierno que administra darle mantenimiento&#8221;, asest\u00f3.<\/p>\n\n\n\n<p>Si la Liga Mexicana de Beisbol lo aprueba y se cumplen con los arranques como cada a\u00f1o, la remodelaci\u00f3n del estadio deber\u00eda terminarse en un cien por ciento a finales de febrero, pues el campeonato deber\u00eda iniciar la segunda quincena de marzo.<\/p>\n\n\n\n<p>Al respecto del estadio vecino, el Luis de la Fuente &#8220;El Pirata&#8221;, donde tambi\u00e9n en este 2021 volver\u00e1 a tener actividad profesional en la Liga de Expansi\u00f3n, con el regreso de los Tiburones Rojos, expuso que la situaci\u00f3n de mantenimiento ser\u00e1 diferente, pues&nbsp;<\/p>\n\n\n\n<p>&#8220;Ese caso va a ser un poco diferente, ah\u00ed vamos a hablar con los que vengan, porque aqu\u00ed (beisbol) se requiere un poco m\u00e1s de lo que all\u00e1 (futbol), all\u00e1 el estadio cumple con todo, ya estuvo en liga. Aqu\u00ed no porque el n\u00famero de capacidad, de asientos, tiene que ampliarse un poquito m\u00e1s para dar el m\u00ednimo&#8221;, resalt\u00f3.<\/p>\n","protected":false},"excerpt":{"rendered":"<p>Alejandro \u00c1vila Boca del R\u00edo, Ver.- El gobernador del Estado, Cuitl\u00e1huac Garc\u00eda Jim\u00e9nez, supervis\u00f3 este martes 12 de enero los avances que lleva la remodelaci\u00f3n del estadio de beisbol &#8220;Beto \u00c1vila&#8221;, ubicado en el fraccionamiento Virginia del municipio de Boca del R\u00edo. Cerca del medio d\u00eda, el mandatario estatal, quien dio entrevista exclusiva del tema [&hellip;]<\/p>\n","protected":false},"author":1,"featured_media":9993,"comment_status":"open","ping_status":"open","sticky":false,"template":"","format":"standard","meta":{"_jetpack_memberships_contains_paid_content":false,"footnotes":""},"categories":[2],"tags":[],"class_list":["post-9992","post","type-post","status-publish","format-standard","has-post-thumbnail","hentry","category-estado"],"jetpack_featured_media_url":"https:\/\/encuentroinformativo.com.mx\/wp-content\/uploads\/2021\/01\/FD4AB7E1-57FF-46C6-AA97-7EF6EBFF1309.jpeg","jetpack_sharing_enabled":true,"jetpack_likes_enabled":true,"amp_enabled":true,"_links":{"self":[{"href":"https:\/\/encuentroinformativo.com.mx\/index.php?rest_route=\/wp\/v2\/posts\/9992","targetHints":{"allow":["GET"]}}],"collection":[{"href":"https:\/\/encuentroinformativo.com.mx\/index.php?rest_route=\/wp\/v2\/posts"}],"about":[{"href":"https:\/\/encuentroinformativo.com.mx\/index.php?rest_route=\/wp\/v2\/types\/post"}],"author":[{"embeddable":true,"href":"https:\/\/encuentroinformativo.com.mx\/index.php?rest_route=\/wp\/v2\/users\/1"}],"replies":[{"embeddable":true,"href":"https:\/\/encuentroinformativo.com.mx\/index.php?rest_route=%2Fwp%2Fv2%2Fcomments&post=9992"}],"version-history":[{"count":1,"href":"https:\/\/encuentroinformativo.com.mx\/index.php?rest_route=\/wp\/v2\/posts\/9992\/revisions"}],"predecessor-version":[{"id":9994,"href":"https:\/\/encuentroinformativo.com.mx\/index.php?rest_route=\/wp\/v2\/posts\/9992\/revisions\/9994"}],"wp:featuredmedia":[{"embeddable":true,"href":"https:\/\/encuentroinformativo.com.mx\/index.php?rest_route=\/wp\/v2\/media\/9993"}],"wp:attachment":[{"href":"https:\/\/encuentroinformativo.com.mx\/index.php?rest_route=%2Fwp%2Fv2%2Fmedia&parent=9992"}],"wp:term":[{"taxonomy":"category","embeddable":true,"href":"https:\/\/encuentroinformativo.com.mx\/index.php?rest_route=%2Fwp%2Fv2%2Fcategories&post=9992"},{"taxonomy":"post_tag","embeddable":true,"href":"https:\/\/encuentroinformativo.com.mx\/index.php?rest_route=%2Fwp%2Fv2%2Ftags&post=9992"}],"curies":[{"name":"wp","href":"https:\/\/api.w.org\/{rel}","templated":true}]}}