{"id":9995,"date":"2021-01-12T17:01:15","date_gmt":"2021-01-12T23:01:15","guid":{"rendered":"https:\/\/encuentroinformativo.com.mx\/?p=9995"},"modified":"2021-01-12T17:01:18","modified_gmt":"2021-01-12T23:01:18","slug":"redoblara-pc-vigilancia-de-medidas-sanitarias-en-plazas-comerciales","status":"publish","type":"post","link":"https:\/\/encuentroinformativo.com.mx\/?p=9995","title":{"rendered":"Redoblar\u00e1 PC vigilancia de medidas sanitarias en plazas comerciales"},"content":{"rendered":"\n<p><strong>Dar\u00edo Pale <\/strong><\/p>\n\n\n\n<p>Xalapa, Ver.- El director de Protecci\u00f3n Civil municipal Jos\u00e9 de Jes\u00fas Vargas Hern\u00e1ndez dio a conocer que lamentablemente las\u00a0familias contin\u00faan sin acatar las medidas sanitarias y acudiendo a las plazas comerciales con el fin de &#8220;distraerse&#8221; un poco, por lo que Protecci\u00f3n Civil de Xalapa va a reforzar la vigilancia en esos sitios.<\/p>\n\n\n\n<p>En entrevista asegur\u00f3 que se han estado reuniendo con los administradores de las diferentes plazas comerciales para exhortarlos a respetar las medidas y extremar las precauciones.<\/p>\n\n\n\n<p>&#8220;Hemos estado haciendo recorridos principalmente en plazas comerciales verificando que se cumplan las medidas que han sido recomendadas, sobre todo que sigan usando el cubrebocas, los tapetes, que los comercios entren ordenadamente, que sean vigilados y que se les tome la temperatura&#8221;, se\u00f1al\u00f3.<\/p>\n\n\n\n<p>Record\u00f3 que es necesario que los xalape\u00f1os no lleven a adultos mayores ya que son poblaci\u00f3n vulnerable y entre las medidas se establece el no permitir el acceso a personas mayores de 50 a\u00f1os.<\/p>\n\n\n\n<p>Finalmente en cuanto a las quejas hacia las tiendas departamentales por no acatar las medidas, expres\u00f3 que s\u00ed se ha observado un desorden, sin embargo son los visitantes los que insisten en no respetarlas.<\/p>\n","protected":false},"excerpt":{"rendered":"<p>Dar\u00edo Pale Xalapa, Ver.- El director de Protecci\u00f3n Civil municipal Jos\u00e9 de Jes\u00fas Vargas Hern\u00e1ndez dio a conocer que lamentablemente las\u00a0familias contin\u00faan sin acatar las medidas sanitarias y acudiendo a las plazas comerciales con el fin de &#8220;distraerse&#8221; un poco, por lo que Protecci\u00f3n Civil de Xalapa va a reforzar la vigilancia en esos sitios. [&hellip;]<\/p>\n","protected":false},"author":1,"featured_media":9996,"comment_status":"open","ping_status":"open","sticky":false,"template":"","format":"standard","meta":{"_jetpack_memberships_contains_paid_content":false,"footnotes":""},"categories":[3],"tags":[],"class_list":["post-9995","post","type-post","status-publish","format-standard","has-post-thumbnail","hentry","category-xalapa"],"jetpack_featured_media_url":"https:\/\/encuentroinformativo.com.mx\/wp-content\/uploads\/2021\/01\/9CA529BF-8868-412C-83C0-D1F3244E30F2.jpeg","jetpack_sharing_enabled":true,"jetpack_likes_enabled":true,"amp_enabled":true,"_links":{"self":[{"href":"https:\/\/encuentroinformativo.com.mx\/index.php?rest_route=\/wp\/v2\/posts\/9995","targetHints":{"allow":["GET"]}}],"collection":[{"href":"https:\/\/encuentroinformativo.com.mx\/index.php?rest_route=\/wp\/v2\/posts"}],"about":[{"href":"https:\/\/encuentroinformativo.com.mx\/index.php?rest_route=\/wp\/v2\/types\/post"}],"author":[{"embeddable":true,"href":"https:\/\/encuentroinformativo.com.mx\/index.php?rest_route=\/wp\/v2\/users\/1"}],"replies":[{"embeddable":true,"href":"https:\/\/encuentroinformativo.com.mx\/index.php?rest_route=%2Fwp%2Fv2%2Fcomments&post=9995"}],"version-history":[{"count":1,"href":"https:\/\/encuentroinformativo.com.mx\/index.php?rest_route=\/wp\/v2\/posts\/9995\/revisions"}],"predecessor-version":[{"id":9997,"href":"https:\/\/encuentroinformativo.com.mx\/index.php?rest_route=\/wp\/v2\/posts\/9995\/revisions\/9997"}],"wp:featuredmedia":[{"embeddable":true,"href":"https:\/\/encuentroinformativo.com.mx\/index.php?rest_route=\/wp\/v2\/media\/9996"}],"wp:attachment":[{"href":"https:\/\/encuentroinformativo.com.mx\/index.php?rest_route=%2Fwp%2Fv2%2Fmedia&parent=9995"}],"wp:term":[{"taxonomy":"category","embeddable":true,"href":"https:\/\/encuentroinformativo.com.mx\/index.php?rest_route=%2Fwp%2Fv2%2Fcategories&post=9995"},{"taxonomy":"post_tag","embeddable":true,"href":"https:\/\/encuentroinformativo.com.mx\/index.php?rest_route=%2Fwp%2Fv2%2Ftags&post=9995"}],"curies":[{"name":"wp","href":"https:\/\/api.w.org\/{rel}","templated":true}]}}